{"id":1292,"date":"2025-08-09T14:41:08","date_gmt":"2025-08-09T17:41:08","guid":{"rendered":"https:\/\/www.grupovalue.com.br\/?p=1292"},"modified":"2025-09-24T14:05:19","modified_gmt":"2025-09-24T17:05:19","slug":"lorem-ipsum-dolor-sit-amet-consectetur-adipiscing-elit-3","status":"publish","type":"post","link":"https:\/\/grupovalue.com.br\/es\/lorem-ipsum-dolor-sit-amet-consectetur-adipiscing-elit-3\/","title":{"rendered":"La riqueza de cuatro generaciones trabajando juntas."},"content":{"rendered":"<p>El art\u00edculo describe un escenario muy t\u00edpico: cuatro generaciones trabajando juntas para generar resultados.<\/p>\n\n\n\n<p>Este hecho refleja que entre 1950 y 2010 la esperanza de vida promedio a nivel mundial aument\u00f3 en 20 a\u00f1os. En Brasil, seg\u00fan datos del IBGE, la esperanza de vida de los brasile\u00f1os supera los 75 a\u00f1os, lo que representa 10 a\u00f1os m\u00e1s de vida en comparaci\u00f3n con la d\u00e9cada de 1990.<\/p>\n\n\n\n<p>Este resultado se debe a la notable mejora en la calidad de vida de la poblaci\u00f3n en comparaci\u00f3n con siglos anteriores, incluso con todas las dificultades econ\u00f3micas y sociales. Viajan, practican deportes, navegan por internet, tienen cuentas en redes sociales y, al no tener ya hijos a su cargo, se incorporan al mercado laboral con mucho tiempo y dedicaci\u00f3n.<\/p>\n\n\n\n<p>Lea tambi\u00e9n:&nbsp;<a href=\"https:\/\/grupovalue.com.br\/es\/ebitdac\/\">EBITDAC: un nuevo indicador a tener en cuenta<\/a><\/p>\n\n\n\n<h2 class=\"wp-block-heading\"><a href=\"https:\/\/www.linkedin.com\/in\/george-hiraiwa-1a391959\/\">Baby Boomer<\/a><\/h2>\n\n\n\n<p>El t\u00e9rmino Baby Boomer proviene del auge del crecimiento demogr\u00e1fico experimentado al final de la Segunda Guerra Mundial, donde hubo un aumento en el n\u00famero de beb\u00e9s que dur\u00f3 desde 1945 hasta 1964. Los Baby Boomers son personas que, entre los a\u00f1os 1960 y 1970, experimentaron todos los cambios de la posguerra.<\/p>\n\n\n\n<p>Hoy en d\u00eda, los Baby Boomers tienen entre 65 y 75 a\u00f1os y exhiben las siguientes caracter\u00edsticas: b\u00fasqueda de realizaci\u00f3n profesional, valoraci\u00f3n de la familia, b\u00fasqueda de estabilidad financiera y aversi\u00f3n a los grandes cambios.<\/p>\n\n\n\n<h2 class=\"wp-block-heading\"><a href=\"https:\/\/www.linkedin.com\/in\/moacirvieira\/\">Generaci\u00f3n X:&nbsp;<\/a><\/h2>\n\n\n\n<p>Por otro lado, tenemos a la Generaci\u00f3n X, que ronda los cuarenta a\u00f1os y que generalmente se encuentra en la etapa m\u00e1s crucial de la vida. Soportan una gran carga de responsabilidad, tanto en su vida profesional como personal, adem\u00e1s de gastos fijos muy elevados: hijos en edad escolar, gastos del hogar, pr\u00e9stamos, etc. Para esta generaci\u00f3n, encontrar el equilibrio entre trabajo, familia y ocio supone un gran reto.<\/p>\n\n\n\n<h2 class=\"wp-block-heading\"><a href=\"https:\/\/www.linkedin.com\/in\/edermanchebo\/\">Generaci\u00f3n Y<\/a><\/h2>\n\n\n\n<p>Mientras tanto, la Generaci\u00f3n Y, con edades comprendidas entre los 21 y los 35 a\u00f1os, simplemente por haber nacido en la era de internet y haber crecido en un entorno de mayor desarrollo econ\u00f3mico, tiene planes de vida m\u00e1s centrados en la calidad de vida personal. [El texto cambia abruptamente de tema:]&nbsp;<em>adictos al trabajo<\/em>&nbsp;de esta generaci\u00f3n, puesto que el trabajo no es el \u00fanico ni el principal valor.<\/p>\n\n\n\n<figure class=\"wp-block-image\"><img decoding=\"async\" src=\"https:\/\/www.grupovalue.com.br\/wp-content\/uploads\/2020\/12\/geracao-baby-boomer-x-e-y.jpg\" alt=\"Gera\u00e7\u00e3o Baby Boomer, X e Y\" \/><\/figure>\n\n\n\n<p>En la foto: Moacir Vieira (Director)\/ George Hiraiwa (Socio Director)\/ Eder Manchebo (Socio Director).<\/p>\n\n\n\n<h2 class=\"wp-block-heading\"><a href=\"https:\/\/www.linkedin.com\/in\/amanda-nunes-33782613a\/\">Generaci\u00f3n Z<\/a><\/h2>\n\n\n\n<p>Finalmente, la Generaci\u00f3n Z naci\u00f3 en un mundo de tecnolog\u00eda avanzada y nunca ha conocido un mundo sin internet, Windows e iOS. Estos j\u00f3venes buscan un trabajo que se alinee con su prop\u00f3sito de vida.<\/p>\n\n\n\n<h2 class=\"wp-block-heading\">\u00bfC\u00f3mo funciona esta din\u00e1mica en la cultura organizacional?<\/h2>\n\n\n\n<p>Con todo esto ocurriendo simult\u00e1neamente, resulta evidente que existen etapas vitales, necesidades y expectativas muy diferentes entre las generaciones. El reto consiste en c\u00f3mo proporcionar un entorno corporativo que satisfaga los deseos y maximice el potencial de cada individuo.<\/p>\n\n\n\n<h3 class=\"wp-block-heading\">cambio de paradigma<\/h3>\n\n\n\n<p>El primer punto que debe abordarse es la necesidad de la empresa de romper paradigmas.<\/p>\n\n\n\n<p>\u00bfQui\u00e9n dijo que las personas mayores no saben usar ordenadores? Al contrario, est\u00e1n muy conectadas y se adaptan r\u00e1pidamente a las nuevas realidades. Hay que recordar que nacieron o vivieron durante la Guerra Fr\u00eda y experimentaron graves crisis econ\u00f3micas, y por todo ello, adquirieron una gran capacidad de adaptaci\u00f3n.<\/p>\n\n\n\n<p>Si bien las generaciones Y y Z se enfrentan al prejuicio de no estar comprometidas, las startups y los unicornios del mercado liderados por estas generaciones est\u00e1n ah\u00ed para demostrar lo contrario.<\/p>\n\n\n\n<p>Un buen ejemplo lo tenemos aqu\u00ed mismo en Grupo Value: \u00a1\u00c9der se convirti\u00f3 en socio de la empresa con tan solo 25 a\u00f1os! Afortunadamente, estas personas son buenas en lo que hacen, est\u00e1n muy comprometidas y son responsables, y est\u00e1n construyendo un legado desde muy j\u00f3venes.<\/p>\n\n\n\n<p>&gt;&gt; Acceso tambi\u00e9n:&nbsp;<a href=\"https:\/\/grupovalue.com.br\/es\/como-atrair-investidores\/\">C\u00f3mo atraer inversores, seg\u00fan los mayores fondos de inversi\u00f3n del pa\u00eds.<\/a><\/p>\n\n\n\n<h2 class=\"wp-block-heading\">Repensando los motivadores<\/h2>\n\n\n\n<p>Dejando a un lado los estereotipos, es crucial que los l\u00edderes de las empresas comprendan las motivaciones de las diferentes generaciones y, sobre esta base, construyan un entorno corporativo y una cultura empresarial que satisfagan las diversas necesidades y expectativas.<\/p>\n\n\n\n<p>Algunos ejemplos pr\u00e1cticos incluyen planes de carrera, pol\u00edticas de compensaci\u00f3n y programas de capacitaci\u00f3n. Estos elementos bien definidos y claros son importantes para las generaciones X e Y. Adem\u00e1s, definir el prop\u00f3sito y la misi\u00f3n de la empresa, que sean coherentes e intr\u00ednsecos a las acciones cotidianas de la organizaci\u00f3n, ayuda a retener y motivar a la generaci\u00f3n Z.<\/p>\n\n\n\n<p>La libertad de participar activamente en los retos de la empresa y la sensaci\u00f3n de ser escuchados y \u00fatiles lleva a los Baby Boomers a dedicarse plenamente a ofrecer toda su experiencia vital como oportunidades de aprendizaje para el equipo.<\/p>\n\n\n\n<figure class=\"wp-block-image\"><img decoding=\"async\" src=\"https:\/\/www.grupovalue.com.br\/wp-content\/uploads\/2020\/12\/Motivo-da-geracao.jpg\" alt=\"\" \/><\/figure>\n\n\n\n<p>En otras palabras, esta realidad de tener varias generaciones trabajando juntas es una valiosa ventaja que merece ser explorada. Las empresas que sepan gestionar esta diversidad se beneficiar\u00e1n de un equipo armonioso y de alto rendimiento con habilidades complementarias. Para que esto suceda, el respeto y la comprensi\u00f3n de las motivaciones de cada generaci\u00f3n son fundamentales para un entorno saludable donde todos puedan dar lo mejor de s\u00ed.<\/p>\n\n\n\n<p>\u00bfC\u00f3mo va todo en tu empresa? \u00bfEst\u00e1n presentes las cuatro generaciones o siguen siendo solo tres? \u00a1Cu\u00e9ntanos!<\/p>","protected":false},"excerpt":{"rendered":"<p>Lorem ipsum dolor sit amet, consectetur adipiscing elit. Nunc vulputate libero et velit interdum, ac aliquet odio mattis. Class aptent taciti sociosqu ad litora torquent per conubia nostra, per inceptos hymenaeos.<\/p>","protected":false},"author":8,"featured_media":3063,"comment_status":"closed","ping_status":"","sticky":false,"template":"","format":"standard","meta":{"_acf_changed":false,"_joinchat":[],"footnotes":""},"categories":[49],"tags":[],"class_list":["post-1292","post","type-post","status-publish","format-standard","has-post-thumbnail","hentry","category-inteligencia-financeira"],"acf":[],"_links":{"self":[{"href":"https:\/\/grupovalue.com.br\/es\/wp-json\/wp\/v2\/posts\/1292","targetHints":{"allow":["GET"]}}],"collection":[{"href":"https:\/\/grupovalue.com.br\/es\/wp-json\/wp\/v2\/posts"}],"about":[{"href":"https:\/\/grupovalue.com.br\/es\/wp-json\/wp\/v2\/types\/post"}],"author":[{"embeddable":true,"href":"https:\/\/grupovalue.com.br\/es\/wp-json\/wp\/v2\/users\/8"}],"replies":[{"embeddable":true,"href":"https:\/\/grupovalue.com.br\/es\/wp-json\/wp\/v2\/comments?post=1292"}],"version-history":[{"count":2,"href":"https:\/\/grupovalue.com.br\/es\/wp-json\/wp\/v2\/posts\/1292\/revisions"}],"predecessor-version":[{"id":3071,"href":"https:\/\/grupovalue.com.br\/es\/wp-json\/wp\/v2\/posts\/1292\/revisions\/3071"}],"wp:featuredmedia":[{"embeddable":true,"href":"https:\/\/grupovalue.com.br\/es\/wp-json\/wp\/v2\/media\/3063"}],"wp:attachment":[{"href":"https:\/\/grupovalue.com.br\/es\/wp-json\/wp\/v2\/media?parent=1292"}],"wp:term":[{"taxonomy":"category","embeddable":true,"href":"https:\/\/grupovalue.com.br\/es\/wp-json\/wp\/v2\/categories?post=1292"},{"taxonomy":"post_tag","embeddable":true,"href":"https:\/\/grupovalue.com.br\/es\/wp-json\/wp\/v2\/tags?post=1292"}],"curies":[{"name":"wp","href":"https:\/\/api.w.org\/{rel}","templated":true}]}}